{"id":1081,"date":"2019-01-18T11:16:27","date_gmt":"2019-01-18T10:16:27","guid":{"rendered":"http:\/\/zzgsosnica.pl\/?p=1081"},"modified":"2019-03-18T15:43:00","modified_gmt":"2019-03-18T14:43:00","slug":"uchwaly-zarzadu-zwiazku","status":"publish","type":"post","link":"http:\/\/zzgsosnica.pl\/index.php\/2019\/01\/18\/uchwaly-zarzadu-zwiazku\/","title":{"rendered":"Uchwa\u0142y Zarz\u0105du Zwi\u0105zku."},"content":{"rendered":"\n<h2 class=\"wp-block-heading\"><\/h2>\n\n\n\n<p> W dniu 17.01.2019 roku na Zebraniu Zarz\u0105du ZZGwP KWK \u201eSo\u015bnica\u201d przyj\u0119to :<\/p>\n\n\n\n<p>\n     &#8211;\nuchwa\u0142\u0119\nprecyzuj\u0105c\u0105\notrzymanie \u015bwiadczenia\nstatutowego\ndla naszych cz\u0142onk\u00f3w: <strong>Dofinansowanie\ndo wypoczynku dzieci \u2013 1 raz w roku <\/strong>&#8211;\nprzys\u0142uguje dzieciom wyje\u017cd\u017caj\u0105cym poza miejsce zamieszkania na\nco\nnajmniej\n6 nocleg\u00f3w na kolonie, zimowiska, obozy i zielone szko\u0142y.<\/p>\n\n\n\n<p>\n&#8211;\nuchwa\u0142\u0119 o wydaniu paczek z okazji Dnia Dziecka dla dzieci naszych\ncz\u0142onk\u00f3w w wieku 0-16 lat.<\/p>\n","protected":false},"excerpt":{"rendered":"<p>W dniu 17.01.2019 roku na Zebraniu Zarz\u0105du ZZGwP KWK \u201eSo\u015bnica\u201d przyj\u0119to : &#8211; uchwa\u0142\u0119 precyzuj\u0105c\u0105 otrzymanie \u015bwiadczenia statutowego dla naszych cz\u0142onk\u00f3w: Dofinansowanie do wypoczynku dzieci \u2013 1 raz w roku &#8211; przys\u0142uguje dzieciom wyje\u017cd\u017caj\u0105cym poza miejsce zamieszkania na co najmniej 6 nocleg\u00f3w na kolonie, zimowiska, obozy i zielone szko\u0142y. &#8211; uchwa\u0142\u0119 o wydaniu paczek z &hellip; <a href=\"http:\/\/zzgsosnica.pl\/index.php\/2019\/01\/18\/uchwaly-zarzadu-zwiazku\/\" class=\"more-link\">Czytaj dalej <span class=\"screen-reader-text\">Uchwa\u0142y Zarz\u0105du Zwi\u0105zku.<\/span><\/a><\/p>\n","protected":false},"author":2,"featured_media":0,"comment_status":"closed","ping_status":"closed","sticky":false,"template":"","format":"standard","meta":{"footnotes":""},"categories":[10,9],"tags":[],"class_list":["post-1081","post","type-post","status-publish","format-standard","hentry","category-dla-naszych-czlonkow","category-sprawy-zwiazkowe"],"_links":{"self":[{"href":"http:\/\/zzgsosnica.pl\/index.php\/wp-json\/wp\/v2\/posts\/1081","targetHints":{"allow":["GET"]}}],"collection":[{"href":"http:\/\/zzgsosnica.pl\/index.php\/wp-json\/wp\/v2\/posts"}],"about":[{"href":"http:\/\/zzgsosnica.pl\/index.php\/wp-json\/wp\/v2\/types\/post"}],"author":[{"embeddable":true,"href":"http:\/\/zzgsosnica.pl\/index.php\/wp-json\/wp\/v2\/users\/2"}],"replies":[{"embeddable":true,"href":"http:\/\/zzgsosnica.pl\/index.php\/wp-json\/wp\/v2\/comments?post=1081"}],"version-history":[{"count":2,"href":"http:\/\/zzgsosnica.pl\/index.php\/wp-json\/wp\/v2\/posts\/1081\/revisions"}],"predecessor-version":[{"id":1257,"href":"http:\/\/zzgsosnica.pl\/index.php\/wp-json\/wp\/v2\/posts\/1081\/revisions\/1257"}],"wp:attachment":[{"href":"http:\/\/zzgsosnica.pl\/index.php\/wp-json\/wp\/v2\/media?parent=1081"}],"wp:term":[{"taxonomy":"category","embeddable":true,"href":"http:\/\/zzgsosnica.pl\/index.php\/wp-json\/wp\/v2\/categories?post=1081"},{"taxonomy":"post_tag","embeddable":true,"href":"http:\/\/zzgsosnica.pl\/index.php\/wp-json\/wp\/v2\/tags?post=1081"}],"curies":[{"name":"wp","href":"https:\/\/api.w.org\/{rel}","templated":true}]}}