{"id":1096,"date":"2019-01-29T18:15:20","date_gmt":"2019-01-29T17:15:20","guid":{"rendered":"http:\/\/zzgsosnica.pl\/?p=1096"},"modified":"2019-01-29T18:17:55","modified_gmt":"2019-01-29T17:17:55","slug":"zmiany-w-ustawie-o-zwiazkach-zawodowych","status":"publish","type":"post","link":"http:\/\/zzgsosnica.pl\/index.php\/2019\/01\/29\/zmiany-w-ustawie-o-zwiazkach-zawodowych\/","title":{"rendered":"Zmiany w Ustawie o Zwi\u0105zkach Zawodowych."},"content":{"rendered":"\n<p> Informujemy \u017ce od 01.01.2019 roku zmieni\u0142a si\u0119 Ustawa o  Zwi\u0105zkach Zawodowych i o reprezentatywno\u015bci Zwi\u0105zkowej. W Polskiej  Grupie G\u00f3rniczej S.A. s\u0105 cztery zwi\u0105zki zawodowe reprezentatywne (maj\u0105ce  cechy charakterystyczne dla jakiej\u015b zbiorowo\u015bci): <br> 1. NSZZ Solidarno\u015b\u0107<br> 2. WZZ Sierpie\u0144 80<br> 3. ZZG w Polsce (OPZZ)<br> 4. ZZ Kadra (FZZ)<br>  i z nimi Pracodawca mo\u017ce rozmawia\u0107 i negocjowa\u0107. Pozosta\u0142e Zwi\u0105zki  Zawodowe w PGG S.A. s\u0105 niereprezentatywne w my\u015bl nowej Ustawy  Zwi\u0105zkowej. I  po prostu nic nie znacz\u0105 dla pracodawcy.<\/p>\n\n\n\n<ul class=\"wp-block-gallery columns-1 is-cropped wp-block-gallery-1 is-layout-flex wp-block-gallery-is-layout-flex\"><li class=\"blocks-gallery-item\"><figure><img fetchpriority=\"high\" decoding=\"async\" width=\"682\" height=\"803\" src=\"http:\/\/zzgsosnica.pl\/wp-content\/uploads\/2019\/01\/opzz-reprezenatywno\u015b\u0107-1.jpg\" alt=\"\" data-id=\"1097\" data-link=\"http:\/\/zzgsosnica.pl\/?attachment_id=1097\" class=\"wp-image-1097\" srcset=\"http:\/\/zzgsosnica.pl\/wp-content\/uploads\/2019\/01\/opzz-reprezenatywno\u015b\u0107-1.jpg 682w, http:\/\/zzgsosnica.pl\/wp-content\/uploads\/2019\/01\/opzz-reprezenatywno\u015b\u0107-1-255x300.jpg 255w\" sizes=\"(max-width: 682px) 100vw, 682px\" \/><\/figure><\/li><\/ul>\n\n\n\n\n\n<p> ZAPRASZAMY pracownik\u00f3w KWK &#8222;SO\u015aNICA&#8221; do wst\u0105pienia w nasze szeregi.<\/p>\n","protected":false},"excerpt":{"rendered":"<p>Informujemy \u017ce od 01.01.2019 roku zmieni\u0142a si\u0119 Ustawa o Zwi\u0105zkach Zawodowych i o reprezentatywno\u015bci Zwi\u0105zkowej. W Polskiej Grupie G\u00f3rniczej S.A. s\u0105 cztery zwi\u0105zki zawodowe reprezentatywne (maj\u0105ce cechy charakterystyczne dla jakiej\u015b zbiorowo\u015bci): 1. NSZZ Solidarno\u015b\u0107 2. WZZ Sierpie\u0144 80 3. ZZG w Polsce (OPZZ) 4. ZZ Kadra (FZZ) i z nimi Pracodawca mo\u017ce rozmawia\u0107 i negocjowa\u0107. &hellip; <a href=\"http:\/\/zzgsosnica.pl\/index.php\/2019\/01\/29\/zmiany-w-ustawie-o-zwiazkach-zawodowych\/\" class=\"more-link\">Czytaj dalej <span class=\"screen-reader-text\">Zmiany w Ustawie o Zwi\u0105zkach Zawodowych.<\/span><\/a><\/p>\n","protected":false},"author":2,"featured_media":0,"comment_status":"closed","ping_status":"closed","sticky":false,"template":"","format":"standard","meta":{"footnotes":""},"categories":[10,9],"tags":[],"class_list":["post-1096","post","type-post","status-publish","format-standard","hentry","category-dla-naszych-czlonkow","category-sprawy-zwiazkowe"],"_links":{"self":[{"href":"http:\/\/zzgsosnica.pl\/index.php\/wp-json\/wp\/v2\/posts\/1096","targetHints":{"allow":["GET"]}}],"collection":[{"href":"http:\/\/zzgsosnica.pl\/index.php\/wp-json\/wp\/v2\/posts"}],"about":[{"href":"http:\/\/zzgsosnica.pl\/index.php\/wp-json\/wp\/v2\/types\/post"}],"author":[{"embeddable":true,"href":"http:\/\/zzgsosnica.pl\/index.php\/wp-json\/wp\/v2\/users\/2"}],"replies":[{"embeddable":true,"href":"http:\/\/zzgsosnica.pl\/index.php\/wp-json\/wp\/v2\/comments?post=1096"}],"version-history":[{"count":2,"href":"http:\/\/zzgsosnica.pl\/index.php\/wp-json\/wp\/v2\/posts\/1096\/revisions"}],"predecessor-version":[{"id":1099,"href":"http:\/\/zzgsosnica.pl\/index.php\/wp-json\/wp\/v2\/posts\/1096\/revisions\/1099"}],"wp:attachment":[{"href":"http:\/\/zzgsosnica.pl\/index.php\/wp-json\/wp\/v2\/media?parent=1096"}],"wp:term":[{"taxonomy":"category","embeddable":true,"href":"http:\/\/zzgsosnica.pl\/index.php\/wp-json\/wp\/v2\/categories?post=1096"},{"taxonomy":"post_tag","embeddable":true,"href":"http:\/\/zzgsosnica.pl\/index.php\/wp-json\/wp\/v2\/tags?post=1096"}],"curies":[{"name":"wp","href":"https:\/\/api.w.org\/{rel}","templated":true}]}}