{"id":1426,"date":"2019-05-18T13:24:37","date_gmt":"2019-05-18T11:24:37","guid":{"rendered":"http:\/\/zzgsosnica.pl\/?p=1426"},"modified":"2019-05-20T11:00:25","modified_gmt":"2019-05-20T09:00:25","slug":"nowy-przewodniczacy-zzg-w-polsce-kwk-sosnica","status":"publish","type":"post","link":"http:\/\/zzgsosnica.pl\/index.php\/2019\/05\/18\/nowy-przewodniczacy-zzg-w-polsce-kwk-sosnica\/","title":{"rendered":"Nowy przewodnicz\u0105cy ZZG w Polsce KWK SO\u015aNICA."},"content":{"rendered":"\n<p> Dzisiaj odby\u0142y si\u0119 Nadzwyczajne Wybory Uzupe\u0142niaj\u0105ce w Naszej  organizacji zak\u0142adowej po nag\u0142ej \u015bmierci dotychczasowego  przewodnicz\u0105cego Ryszarda Tuszkiewicza . Wol\u0105 delegat\u00f3w do ko\u0144ca  kadencji w 2022 roku nowym przewodnicz\u0105cym zosta\u0142 kol. Bernard GRZEJA.  Brakuj\u0105ce miejsce w Zarz\u0105dzie Zwi\u0105zku zosta\u0142o powierzone kol. Jerzemu  KULESZY. Z ramienia Rady Krajowej ZZG w wyborach uczestniczy\u0142 kol.  Arkadiusz SIEKANIEC. <\/p>\n\n\n\n<p>Zdj\u0119cia z wybor\u00f3w w sekcji GALERIA.<\/p>\n","protected":false},"excerpt":{"rendered":"<p>Dzisiaj odby\u0142y si\u0119 Nadzwyczajne Wybory Uzupe\u0142niaj\u0105ce w Naszej organizacji zak\u0142adowej po nag\u0142ej \u015bmierci dotychczasowego przewodnicz\u0105cego Ryszarda Tuszkiewicza . Wol\u0105 delegat\u00f3w do ko\u0144ca kadencji w 2022 roku nowym przewodnicz\u0105cym zosta\u0142 kol. Bernard GRZEJA. Brakuj\u0105ce miejsce w Zarz\u0105dzie Zwi\u0105zku zosta\u0142o powierzone kol. Jerzemu KULESZY. Z ramienia Rady Krajowej ZZG w wyborach uczestniczy\u0142 kol. Arkadiusz SIEKANIEC. Zdj\u0119cia z &hellip; <a href=\"http:\/\/zzgsosnica.pl\/index.php\/2019\/05\/18\/nowy-przewodniczacy-zzg-w-polsce-kwk-sosnica\/\" class=\"more-link\">Czytaj dalej <span class=\"screen-reader-text\">Nowy przewodnicz\u0105cy ZZG w Polsce KWK SO\u015aNICA.<\/span><\/a><\/p>\n","protected":false},"author":2,"featured_media":1420,"comment_status":"closed","ping_status":"closed","sticky":false,"template":"","format":"standard","meta":{"footnotes":""},"categories":[10],"tags":[],"class_list":["post-1426","post","type-post","status-publish","format-standard","has-post-thumbnail","hentry","category-dla-naszych-czlonkow"],"_links":{"self":[{"href":"http:\/\/zzgsosnica.pl\/index.php\/wp-json\/wp\/v2\/posts\/1426","targetHints":{"allow":["GET"]}}],"collection":[{"href":"http:\/\/zzgsosnica.pl\/index.php\/wp-json\/wp\/v2\/posts"}],"about":[{"href":"http:\/\/zzgsosnica.pl\/index.php\/wp-json\/wp\/v2\/types\/post"}],"author":[{"embeddable":true,"href":"http:\/\/zzgsosnica.pl\/index.php\/wp-json\/wp\/v2\/users\/2"}],"replies":[{"embeddable":true,"href":"http:\/\/zzgsosnica.pl\/index.php\/wp-json\/wp\/v2\/comments?post=1426"}],"version-history":[{"count":3,"href":"http:\/\/zzgsosnica.pl\/index.php\/wp-json\/wp\/v2\/posts\/1426\/revisions"}],"predecessor-version":[{"id":1444,"href":"http:\/\/zzgsosnica.pl\/index.php\/wp-json\/wp\/v2\/posts\/1426\/revisions\/1444"}],"wp:featuredmedia":[{"embeddable":true,"href":"http:\/\/zzgsosnica.pl\/index.php\/wp-json\/wp\/v2\/media\/1420"}],"wp:attachment":[{"href":"http:\/\/zzgsosnica.pl\/index.php\/wp-json\/wp\/v2\/media?parent=1426"}],"wp:term":[{"taxonomy":"category","embeddable":true,"href":"http:\/\/zzgsosnica.pl\/index.php\/wp-json\/wp\/v2\/categories?post=1426"},{"taxonomy":"post_tag","embeddable":true,"href":"http:\/\/zzgsosnica.pl\/index.php\/wp-json\/wp\/v2\/tags?post=1426"}],"curies":[{"name":"wp","href":"https:\/\/api.w.org\/{rel}","templated":true}]}}